{"id":5524,"date":"2025-11-04T10:43:15","date_gmt":"2025-11-04T09:43:15","guid":{"rendered":"https:\/\/www.pentainvestments.com\/?p=5524"},"modified":"2025-11-04T10:43:15","modified_gmt":"2025-11-04T09:43:15","slug":"novym-generalnym-riaditelom-a-predsedom-predstavenstva-privatbanky-sa-stal-petr-rehak","status":"publish","type":"post","link":"https:\/\/www.pentainvestments.com\/sk\/novym-generalnym-riaditelom-a-predsedom-predstavenstva-privatbanky-sa-stal-petr-rehak\/","title":{"rendered":"Nov\u00fdm gener\u00e1lnym riadite\u013eom a predsedom predstavenstva Privatbanky sa stal Petr \u0158eh\u00e1k"},"content":{"rendered":"","protected":false},"excerpt":{"rendered":"<p>Privatbanka, a.s., \u010dlen skupiny Penta Investments, vymenovala Petra \u0158eh\u00e1ka do funkcie gener\u00e1lneho riadite\u013ea a predsedu predstavenstva. Na tejto poz\u00edcii nahr\u00e1dza \u013dubo\u0161a \u0160ev\u010d\u00edka, ktor\u00fd po 18 rokoch z banky odch\u00e1dza. <\/p>\n","protected":false},"author":4,"featured_media":5525,"comment_status":"closed","ping_status":"closed","sticky":false,"template":"","format":"standard","meta":{"_acf_changed":false,"inline_featured_image":false,"footnotes":""},"categories":[18,17],"tags":[38],"class_list":["post-5524","post","type-post","status-publish","format-standard","has-post-thumbnail","hentry","category-cs","category-sk","tag-tlacove-spravy"],"acf":[],"yoast_head":"<!-- This site is optimized with the Yoast SEO plugin v27.5 - https:\/\/yoast.com\/product\/yoast-seo-wordpress\/ -->\n<title>Nov\u00fdm gener\u00e1lnym riadite\u013eom a predsedom predstavenstva Privatbanky sa stal Petr \u0158eh\u00e1k &#8212; Penta Investments<\/title>\n<meta name=\"description\" content=\"Privatbanka, a.s., \u010dlen skupiny Penta Investments, vymenovala Petra \u0158eh\u00e1ka do funkcie gener\u00e1lneho riadite\u013ea a predsedu predstavenstva. Na tejto poz\u00edcii nahr\u00e1dza \u013dubo\u0161a \u0160ev\u010d\u00edka, ktor\u00fd po 18 rokoch z banky odch\u00e1dza.\" \/>\n<meta name=\"robots\" content=\"index, follow, max-snippet:-1, max-image-preview:large, max-video-preview:-1\" \/>\n<link rel=\"canonical\" href=\"https:\/\/www.pentainvestments.com\/sk\/novym-generalnym-riaditelom-a-predsedom-predstavenstva-privatbanky-sa-stal-petr-rehak\/\" \/>\n<meta property=\"og:locale\" content=\"sk_SK\" \/>\n<meta property=\"og:type\" content=\"article\" \/>\n<meta property=\"og:title\" content=\"Nov\u00fdm gener\u00e1lnym riadite\u013eom a predsedom predstavenstva Privatbanky sa stal Petr \u0158eh\u00e1k &#8212; Penta Investments\" \/>\n<meta property=\"og:description\" content=\"Privatbanka, a.s., \u010dlen skupiny Penta Investments, vymenovala Petra \u0158eh\u00e1ka do funkcie gener\u00e1lneho riadite\u013ea a predsedu predstavenstva. Na tejto poz\u00edcii nahr\u00e1dza \u013dubo\u0161a \u0160ev\u010d\u00edka, ktor\u00fd po 18 rokoch z banky odch\u00e1dza.\" \/>\n<meta property=\"og:url\" content=\"https:\/\/www.pentainvestments.com\/sk\/novym-generalnym-riaditelom-a-predsedom-predstavenstva-privatbanky-sa-stal-petr-rehak\/\" \/>\n<meta property=\"og:site_name\" content=\"Penta Investments\" \/>\n<meta property=\"article:published_time\" content=\"2025-11-04T09:43:15+00:00\" \/>\n<meta property=\"og:image\" content=\"https:\/\/www.pentainvestments.com\/wp-content\/uploads\/2025\/11\/DJI_0512-1-scaled.jpg\" \/>\n\t<meta property=\"og:image:width\" content=\"2560\" \/>\n\t<meta property=\"og:image:height\" content=\"1963\" \/>\n\t<meta property=\"og:image:type\" content=\"image\/jpeg\" \/>\n<meta name=\"author\" content=\"Peter Blasbalg\" \/>\n<meta name=\"twitter:card\" content=\"summary_large_image\" \/>\n<meta name=\"twitter:label1\" content=\"Autor\" \/>\n\t<meta name=\"twitter:data1\" content=\"Peter Blasbalg\" \/>\n\t<meta name=\"twitter:label2\" content=\"Predpokladan\u00fd \u010das \u010d\u00edtania\" \/>\n\t<meta name=\"twitter:data2\" content=\"1 min\u00fata\" \/>\n<script type=\"application\/ld+json\" class=\"yoast-schema-graph\">{\"@context\":\"https:\\\/\\\/schema.org\",\"@graph\":[{\"@type\":\"Article\",\"@id\":\"https:\\\/\\\/www.pentainvestments.com\\\/sk\\\/novym-generalnym-riaditelom-a-predsedom-predstavenstva-privatbanky-sa-stal-petr-rehak\\\/#article\",\"isPartOf\":{\"@id\":\"https:\\\/\\\/www.pentainvestments.com\\\/sk\\\/novym-generalnym-riaditelom-a-predsedom-predstavenstva-privatbanky-sa-stal-petr-rehak\\\/\"},\"author\":{\"name\":\"Peter Blasbalg\",\"@id\":\"https:\\\/\\\/www.pentainvestments.com\\\/en\\\/#\\\/schema\\\/person\\\/2b5af56613b6f0b2968a1eb1570816e7\"},\"headline\":\"Nov\u00fdm gener\u00e1lnym riadite\u013eom a predsedom predstavenstva Privatbanky sa stal Petr \u0158eh\u00e1k\",\"datePublished\":\"2025-11-04T09:43:15+00:00\",\"mainEntityOfPage\":{\"@id\":\"https:\\\/\\\/www.pentainvestments.com\\\/sk\\\/novym-generalnym-riaditelom-a-predsedom-predstavenstva-privatbanky-sa-stal-petr-rehak\\\/\"},\"wordCount\":15,\"image\":{\"@id\":\"https:\\\/\\\/www.pentainvestments.com\\\/sk\\\/novym-generalnym-riaditelom-a-predsedom-predstavenstva-privatbanky-sa-stal-petr-rehak\\\/#primaryimage\"},\"thumbnailUrl\":\"https:\\\/\\\/www.pentainvestments.com\\\/wp-content\\\/uploads\\\/2025\\\/11\\\/DJI_0512-1-scaled.jpg\",\"keywords\":[\"Tla\u010dov\u00e9 spr\u00e1vy\"],\"articleSection\":[\"\u010cesk\u00e1 republika\",\"Slovensk\u00e1 republika\"],\"inLanguage\":\"sk-SK\"},{\"@type\":\"WebPage\",\"@id\":\"https:\\\/\\\/www.pentainvestments.com\\\/sk\\\/novym-generalnym-riaditelom-a-predsedom-predstavenstva-privatbanky-sa-stal-petr-rehak\\\/\",\"url\":\"https:\\\/\\\/www.pentainvestments.com\\\/sk\\\/novym-generalnym-riaditelom-a-predsedom-predstavenstva-privatbanky-sa-stal-petr-rehak\\\/\",\"name\":\"Nov\u00fdm gener\u00e1lnym riadite\u013eom a predsedom predstavenstva Privatbanky sa stal Petr \u0158eh\u00e1k &#8212; Penta Investments\",\"isPartOf\":{\"@id\":\"https:\\\/\\\/www.pentainvestments.com\\\/en\\\/#website\"},\"primaryImageOfPage\":{\"@id\":\"https:\\\/\\\/www.pentainvestments.com\\\/sk\\\/novym-generalnym-riaditelom-a-predsedom-predstavenstva-privatbanky-sa-stal-petr-rehak\\\/#primaryimage\"},\"image\":{\"@id\":\"https:\\\/\\\/www.pentainvestments.com\\\/sk\\\/novym-generalnym-riaditelom-a-predsedom-predstavenstva-privatbanky-sa-stal-petr-rehak\\\/#primaryimage\"},\"thumbnailUrl\":\"https:\\\/\\\/www.pentainvestments.com\\\/wp-content\\\/uploads\\\/2025\\\/11\\\/DJI_0512-1-scaled.jpg\",\"datePublished\":\"2025-11-04T09:43:15+00:00\",\"author\":{\"@id\":\"https:\\\/\\\/www.pentainvestments.com\\\/en\\\/#\\\/schema\\\/person\\\/2b5af56613b6f0b2968a1eb1570816e7\"},\"description\":\"Privatbanka, a.s., \u010dlen skupiny Penta Investments, vymenovala Petra \u0158eh\u00e1ka do funkcie gener\u00e1lneho riadite\u013ea a predsedu predstavenstva. Na tejto poz\u00edcii nahr\u00e1dza \u013dubo\u0161a \u0160ev\u010d\u00edka, ktor\u00fd po 18 rokoch z banky odch\u00e1dza.\",\"breadcrumb\":{\"@id\":\"https:\\\/\\\/www.pentainvestments.com\\\/sk\\\/novym-generalnym-riaditelom-a-predsedom-predstavenstva-privatbanky-sa-stal-petr-rehak\\\/#breadcrumb\"},\"inLanguage\":\"sk-SK\",\"potentialAction\":[{\"@type\":\"ReadAction\",\"target\":[\"https:\\\/\\\/www.pentainvestments.com\\\/sk\\\/novym-generalnym-riaditelom-a-predsedom-predstavenstva-privatbanky-sa-stal-petr-rehak\\\/\"]}]},{\"@type\":\"ImageObject\",\"inLanguage\":\"sk-SK\",\"@id\":\"https:\\\/\\\/www.pentainvestments.com\\\/sk\\\/novym-generalnym-riaditelom-a-predsedom-predstavenstva-privatbanky-sa-stal-petr-rehak\\\/#primaryimage\",\"url\":\"https:\\\/\\\/www.pentainvestments.com\\\/wp-content\\\/uploads\\\/2025\\\/11\\\/DJI_0512-1-scaled.jpg\",\"contentUrl\":\"https:\\\/\\\/www.pentainvestments.com\\\/wp-content\\\/uploads\\\/2025\\\/11\\\/DJI_0512-1-scaled.jpg\",\"width\":2560,\"height\":1963},{\"@type\":\"BreadcrumbList\",\"@id\":\"https:\\\/\\\/www.pentainvestments.com\\\/sk\\\/novym-generalnym-riaditelom-a-predsedom-predstavenstva-privatbanky-sa-stal-petr-rehak\\\/#breadcrumb\",\"itemListElement\":[{\"@type\":\"ListItem\",\"position\":1,\"name\":\"\",\"item\":\"https:\\\/\\\/www.pentainvestments.com\\\/sk\\\/\"},{\"@type\":\"ListItem\",\"position\":2,\"name\":\"Nov\u00fdm gener\u00e1lnym riadite\u013eom a predsedom predstavenstva Privatbanky sa stal Petr \u0158eh\u00e1k\"}]},{\"@type\":\"WebSite\",\"@id\":\"https:\\\/\\\/www.pentainvestments.com\\\/en\\\/#website\",\"url\":\"https:\\\/\\\/www.pentainvestments.com\\\/en\\\/\",\"name\":\"Penta Investments\",\"description\":\"\",\"potentialAction\":[{\"@type\":\"SearchAction\",\"target\":{\"@type\":\"EntryPoint\",\"urlTemplate\":\"https:\\\/\\\/www.pentainvestments.com\\\/en\\\/?s={search_term_string}\"},\"query-input\":{\"@type\":\"PropertyValueSpecification\",\"valueRequired\":true,\"valueName\":\"search_term_string\"}}],\"inLanguage\":\"sk-SK\"},{\"@type\":\"Person\",\"@id\":\"https:\\\/\\\/www.pentainvestments.com\\\/en\\\/#\\\/schema\\\/person\\\/2b5af56613b6f0b2968a1eb1570816e7\",\"name\":\"Peter Blasbalg\"}]}<\/script>\n<!-- \/ Yoast SEO plugin. -->","yoast_head_json":{"title":"Nov\u00fdm gener\u00e1lnym riadite\u013eom a predsedom predstavenstva Privatbanky sa stal Petr \u0158eh\u00e1k &#8212; Penta Investments","description":"Privatbanka, a.s., \u010dlen skupiny Penta Investments, vymenovala Petra \u0158eh\u00e1ka do funkcie gener\u00e1lneho riadite\u013ea a predsedu predstavenstva. Na tejto poz\u00edcii nahr\u00e1dza \u013dubo\u0161a \u0160ev\u010d\u00edka, ktor\u00fd po 18 rokoch z banky odch\u00e1dza.","robots":{"index":"index","follow":"follow","max-snippet":"max-snippet:-1","max-image-preview":"max-image-preview:large","max-video-preview":"max-video-preview:-1"},"canonical":"https:\/\/www.pentainvestments.com\/sk\/novym-generalnym-riaditelom-a-predsedom-predstavenstva-privatbanky-sa-stal-petr-rehak\/","og_locale":"sk_SK","og_type":"article","og_title":"Nov\u00fdm gener\u00e1lnym riadite\u013eom a predsedom predstavenstva Privatbanky sa stal Petr \u0158eh\u00e1k &#8212; Penta Investments","og_description":"Privatbanka, a.s., \u010dlen skupiny Penta Investments, vymenovala Petra \u0158eh\u00e1ka do funkcie gener\u00e1lneho riadite\u013ea a predsedu predstavenstva. Na tejto poz\u00edcii nahr\u00e1dza \u013dubo\u0161a \u0160ev\u010d\u00edka, ktor\u00fd po 18 rokoch z banky odch\u00e1dza.","og_url":"https:\/\/www.pentainvestments.com\/sk\/novym-generalnym-riaditelom-a-predsedom-predstavenstva-privatbanky-sa-stal-petr-rehak\/","og_site_name":"Penta Investments","article_published_time":"2025-11-04T09:43:15+00:00","og_image":[{"width":2560,"height":1963,"url":"https:\/\/www.pentainvestments.com\/wp-content\/uploads\/2025\/11\/DJI_0512-1-scaled.jpg","type":"image\/jpeg"}],"author":"Peter Blasbalg","twitter_card":"summary_large_image","twitter_misc":{"Autor":"Peter Blasbalg","Predpokladan\u00fd \u010das \u010d\u00edtania":"1 min\u00fata"},"schema":{"@context":"https:\/\/schema.org","@graph":[{"@type":"Article","@id":"https:\/\/www.pentainvestments.com\/sk\/novym-generalnym-riaditelom-a-predsedom-predstavenstva-privatbanky-sa-stal-petr-rehak\/#article","isPartOf":{"@id":"https:\/\/www.pentainvestments.com\/sk\/novym-generalnym-riaditelom-a-predsedom-predstavenstva-privatbanky-sa-stal-petr-rehak\/"},"author":{"name":"Peter Blasbalg","@id":"https:\/\/www.pentainvestments.com\/en\/#\/schema\/person\/2b5af56613b6f0b2968a1eb1570816e7"},"headline":"Nov\u00fdm gener\u00e1lnym riadite\u013eom a predsedom predstavenstva Privatbanky sa stal Petr \u0158eh\u00e1k","datePublished":"2025-11-04T09:43:15+00:00","mainEntityOfPage":{"@id":"https:\/\/www.pentainvestments.com\/sk\/novym-generalnym-riaditelom-a-predsedom-predstavenstva-privatbanky-sa-stal-petr-rehak\/"},"wordCount":15,"image":{"@id":"https:\/\/www.pentainvestments.com\/sk\/novym-generalnym-riaditelom-a-predsedom-predstavenstva-privatbanky-sa-stal-petr-rehak\/#primaryimage"},"thumbnailUrl":"https:\/\/www.pentainvestments.com\/wp-content\/uploads\/2025\/11\/DJI_0512-1-scaled.jpg","keywords":["Tla\u010dov\u00e9 spr\u00e1vy"],"articleSection":["\u010cesk\u00e1 republika","Slovensk\u00e1 republika"],"inLanguage":"sk-SK"},{"@type":"WebPage","@id":"https:\/\/www.pentainvestments.com\/sk\/novym-generalnym-riaditelom-a-predsedom-predstavenstva-privatbanky-sa-stal-petr-rehak\/","url":"https:\/\/www.pentainvestments.com\/sk\/novym-generalnym-riaditelom-a-predsedom-predstavenstva-privatbanky-sa-stal-petr-rehak\/","name":"Nov\u00fdm gener\u00e1lnym riadite\u013eom a predsedom predstavenstva Privatbanky sa stal Petr \u0158eh\u00e1k &#8212; Penta Investments","isPartOf":{"@id":"https:\/\/www.pentainvestments.com\/en\/#website"},"primaryImageOfPage":{"@id":"https:\/\/www.pentainvestments.com\/sk\/novym-generalnym-riaditelom-a-predsedom-predstavenstva-privatbanky-sa-stal-petr-rehak\/#primaryimage"},"image":{"@id":"https:\/\/www.pentainvestments.com\/sk\/novym-generalnym-riaditelom-a-predsedom-predstavenstva-privatbanky-sa-stal-petr-rehak\/#primaryimage"},"thumbnailUrl":"https:\/\/www.pentainvestments.com\/wp-content\/uploads\/2025\/11\/DJI_0512-1-scaled.jpg","datePublished":"2025-11-04T09:43:15+00:00","author":{"@id":"https:\/\/www.pentainvestments.com\/en\/#\/schema\/person\/2b5af56613b6f0b2968a1eb1570816e7"},"description":"Privatbanka, a.s., \u010dlen skupiny Penta Investments, vymenovala Petra \u0158eh\u00e1ka do funkcie gener\u00e1lneho riadite\u013ea a predsedu predstavenstva. Na tejto poz\u00edcii nahr\u00e1dza \u013dubo\u0161a \u0160ev\u010d\u00edka, ktor\u00fd po 18 rokoch z banky odch\u00e1dza.","breadcrumb":{"@id":"https:\/\/www.pentainvestments.com\/sk\/novym-generalnym-riaditelom-a-predsedom-predstavenstva-privatbanky-sa-stal-petr-rehak\/#breadcrumb"},"inLanguage":"sk-SK","potentialAction":[{"@type":"ReadAction","target":["https:\/\/www.pentainvestments.com\/sk\/novym-generalnym-riaditelom-a-predsedom-predstavenstva-privatbanky-sa-stal-petr-rehak\/"]}]},{"@type":"ImageObject","inLanguage":"sk-SK","@id":"https:\/\/www.pentainvestments.com\/sk\/novym-generalnym-riaditelom-a-predsedom-predstavenstva-privatbanky-sa-stal-petr-rehak\/#primaryimage","url":"https:\/\/www.pentainvestments.com\/wp-content\/uploads\/2025\/11\/DJI_0512-1-scaled.jpg","contentUrl":"https:\/\/www.pentainvestments.com\/wp-content\/uploads\/2025\/11\/DJI_0512-1-scaled.jpg","width":2560,"height":1963},{"@type":"BreadcrumbList","@id":"https:\/\/www.pentainvestments.com\/sk\/novym-generalnym-riaditelom-a-predsedom-predstavenstva-privatbanky-sa-stal-petr-rehak\/#breadcrumb","itemListElement":[{"@type":"ListItem","position":1,"name":"","item":"https:\/\/www.pentainvestments.com\/sk\/"},{"@type":"ListItem","position":2,"name":"Nov\u00fdm gener\u00e1lnym riadite\u013eom a predsedom predstavenstva Privatbanky sa stal Petr \u0158eh\u00e1k"}]},{"@type":"WebSite","@id":"https:\/\/www.pentainvestments.com\/en\/#website","url":"https:\/\/www.pentainvestments.com\/en\/","name":"Penta Investments","description":"","potentialAction":[{"@type":"SearchAction","target":{"@type":"EntryPoint","urlTemplate":"https:\/\/www.pentainvestments.com\/en\/?s={search_term_string}"},"query-input":{"@type":"PropertyValueSpecification","valueRequired":true,"valueName":"search_term_string"}}],"inLanguage":"sk-SK"},{"@type":"Person","@id":"https:\/\/www.pentainvestments.com\/en\/#\/schema\/person\/2b5af56613b6f0b2968a1eb1570816e7","name":"Peter Blasbalg"}]}},"_links":{"self":[{"href":"https:\/\/www.pentainvestments.com\/sk\/wp-json\/wp\/v2\/posts\/5524","targetHints":{"allow":["GET"]}}],"collection":[{"href":"https:\/\/www.pentainvestments.com\/sk\/wp-json\/wp\/v2\/posts"}],"about":[{"href":"https:\/\/www.pentainvestments.com\/sk\/wp-json\/wp\/v2\/types\/post"}],"author":[{"embeddable":true,"href":"https:\/\/www.pentainvestments.com\/sk\/wp-json\/wp\/v2\/users\/4"}],"replies":[{"embeddable":true,"href":"https:\/\/www.pentainvestments.com\/sk\/wp-json\/wp\/v2\/comments?post=5524"}],"version-history":[{"count":1,"href":"https:\/\/www.pentainvestments.com\/sk\/wp-json\/wp\/v2\/posts\/5524\/revisions"}],"predecessor-version":[{"id":5526,"href":"https:\/\/www.pentainvestments.com\/sk\/wp-json\/wp\/v2\/posts\/5524\/revisions\/5526"}],"wp:featuredmedia":[{"embeddable":true,"href":"https:\/\/www.pentainvestments.com\/sk\/wp-json\/wp\/v2\/media\/5525"}],"wp:attachment":[{"href":"https:\/\/www.pentainvestments.com\/sk\/wp-json\/wp\/v2\/media?parent=5524"}],"wp:term":[{"taxonomy":"category","embeddable":true,"href":"https:\/\/www.pentainvestments.com\/sk\/wp-json\/wp\/v2\/categories?post=5524"},{"taxonomy":"post_tag","embeddable":true,"href":"https:\/\/www.pentainvestments.com\/sk\/wp-json\/wp\/v2\/tags?post=5524"}],"curies":[{"name":"wp","href":"https:\/\/api.w.org\/{rel}","templated":true}]}}