{"id":4894,"date":"2007-03-07T15:01:00","date_gmt":"2007-03-07T14:01:00","guid":{"rendered":"https:\/\/www.pentainvestments.com\/private-equity-group-penta-for-the-first-time-at-national-career-days\/"},"modified":"2007-03-07T15:01:00","modified_gmt":"2007-03-07T14:01:00","slug":"private-equity-group-penta-for-the-first-time-at-national-career-days","status":"publish","type":"post","link":"https:\/\/www.pentainvestments.com\/en\/private-equity-group-penta-for-the-first-time-at-national-career-days\/","title":{"rendered":"Private Equity Group Penta for the First Time at National Career Days"},"content":{"rendered":"","protected":false},"excerpt":{"rendered":"<p><strong>For the first time the private equity group Penta will participate at the National Career Days (N\u00e1rodn\u00e9 Dni Kari\u00e9ry) that will be held in B0 hall of the Bratislava exhibition center Incheba on 8 and 9 March 2007.<\/strong><\/p>\n<p>\u201cWe have been cooperating with universities through the Penta Foundation for several years. The participation at the National Career Days is our further step aiming at approaching gifted and talented students. We mostly wish to address the students of the last years. I am convinced that we offer attractive and interesting jobs in a dynamically growing company\u201d, said the HR Manager of the company So\u0148a Lacu\u0161kov\u00e1 and added: \u201cIn our stand the students will be able to communicate directly with persons working on projects in order to bring the students closer to the work at Penta based on their own experience. Candidates will have an opportunity to learn more on Thursday 8 March at a presentation held from 3:25 p.m. to 3:45 p.m., or by a direct visit to our stand\u201d.<\/p>\n<h2><strong>What are the National Career Days?<\/strong><\/h2>\n<p>The twelfth year of the National Career Days, the biggest event of this kind, in Slovakia will be held this year. The National Career Days is an exhibition of companies creating conditions for meetings between the students and potential employers and exchange of information.<\/p>\n<p>Face-to-face meetings and individual discussions with representatives of exposing companies are available during the fair.<\/p>\n<p>103 companies will participate at the National Career Days this year; this number represents a 45 % growth over the last year.<\/p>\n<p>Contact: Katar\u00edna Ku\u010d\u00e1kov\u00e1, tel.: 0903 721 568, <a href=\"mailto:kucakova.katarina@penta.sk\">kucakova.katarina@penta.sk<\/a><\/p>\n","protected":false},"author":4,"featured_media":0,"comment_status":"open","ping_status":"open","sticky":false,"template":"","format":"standard","meta":{"_acf_changed":false,"inline_featured_image":false,"footnotes":""},"categories":[20],"tags":[67],"class_list":["post-4894","post","type-post","status-publish","format-standard","hentry","category-uncategorized","tag-press-releases"],"acf":[],"yoast_head":"<!-- This site is optimized with the Yoast SEO plugin v27.5 - https:\/\/yoast.com\/product\/yoast-seo-wordpress\/ -->\n<title>Private Equity Group Penta for the First Time at National Career Days &#8212; Penta Investments<\/title>\n<meta name=\"robots\" content=\"index, follow, max-snippet:-1, max-image-preview:large, max-video-preview:-1\" \/>\n<link rel=\"canonical\" href=\"https:\/\/www.pentainvestments.com\/en\/private-equity-group-penta-for-the-first-time-at-national-career-days\/\" \/>\n<meta property=\"og:locale\" content=\"en_US\" \/>\n<meta property=\"og:type\" content=\"article\" \/>\n<meta property=\"og:title\" content=\"Private Equity Group Penta for the First Time at National Career Days &#8212; Penta Investments\" \/>\n<meta property=\"og:description\" content=\"For the first time the private equity group Penta will participate at the National Career Days (N\u00e1rodn\u00e9 Dni Kari\u00e9ry) that will be held in B0 hall of the Bratislava exhibition center Incheba on 8 and 9 March 2007. \u201cWe have been cooperating with universities through the Penta Foundation for several years. The participation at the National Career Days is our further step aiming at approaching gifted and talented students. We mostly wish to address the students of the last years. I am convinced that we offer attractive and interesting jobs in a dynamically growing company\u201d, said the HR Manager of the company So\u0148a Lacu\u0161kov\u00e1 and added: \u201cIn our stand the students will be able to communicate directly with persons working on projects in order to bring the students closer to the work at Penta based on their own experience. Candidates will have an opportunity to learn more on Thursday 8 March at a presentation held from 3:25 p.m. to 3:45 p.m., or by a direct visit to our stand\u201d. What are the National Career Days? The twelfth year of the National Career Days, the biggest event of this kind, in Slovakia will be held this year. The National Career Days is an exhibition of companies creating conditions for meetings between the students and potential employers and exchange of information. Face-to-face meetings and individual discussions with representatives of exposing companies are available during the fair. 103 companies will participate at the National Career Days this year; this number represents a 45 % growth over the last year. Contact: Katar\u00edna Ku\u010d\u00e1kov\u00e1, tel.: 0903 721 568, kucakova.katarina@penta.sk\" \/>\n<meta property=\"og:url\" content=\"https:\/\/www.pentainvestments.com\/en\/private-equity-group-penta-for-the-first-time-at-national-career-days\/\" \/>\n<meta property=\"og:site_name\" content=\"Penta Investments\" \/>\n<meta property=\"article:published_time\" content=\"2007-03-07T14:01:00+00:00\" \/>\n<meta name=\"author\" content=\"Peter Blasbalg\" \/>\n<meta name=\"twitter:card\" content=\"summary_large_image\" \/>\n<meta name=\"twitter:label1\" content=\"Written by\" \/>\n\t<meta name=\"twitter:data1\" content=\"Peter Blasbalg\" \/>\n<script type=\"application\/ld+json\" class=\"yoast-schema-graph\">{\"@context\":\"https:\\\/\\\/schema.org\",\"@graph\":[{\"@type\":\"Article\",\"@id\":\"https:\\\/\\\/www.pentainvestments.com\\\/en\\\/private-equity-group-penta-for-the-first-time-at-national-career-days\\\/#article\",\"isPartOf\":{\"@id\":\"https:\\\/\\\/www.pentainvestments.com\\\/en\\\/private-equity-group-penta-for-the-first-time-at-national-career-days\\\/\"},\"author\":{\"name\":\"Peter Blasbalg\",\"@id\":\"https:\\\/\\\/www.pentainvestments.com\\\/en\\\/#\\\/schema\\\/person\\\/2b5af56613b6f0b2968a1eb1570816e7\"},\"headline\":\"Private Equity Group Penta for the First Time at National Career Days\",\"datePublished\":\"2007-03-07T14:01:00+00:00\",\"mainEntityOfPage\":{\"@id\":\"https:\\\/\\\/www.pentainvestments.com\\\/en\\\/private-equity-group-penta-for-the-first-time-at-national-career-days\\\/\"},\"wordCount\":12,\"commentCount\":0,\"keywords\":[\"Press releases\"],\"inLanguage\":\"en-US\",\"potentialAction\":[{\"@type\":\"CommentAction\",\"name\":\"Comment\",\"target\":[\"https:\\\/\\\/www.pentainvestments.com\\\/en\\\/private-equity-group-penta-for-the-first-time-at-national-career-days\\\/#respond\"]}]},{\"@type\":\"WebPage\",\"@id\":\"https:\\\/\\\/www.pentainvestments.com\\\/en\\\/private-equity-group-penta-for-the-first-time-at-national-career-days\\\/\",\"url\":\"https:\\\/\\\/www.pentainvestments.com\\\/en\\\/private-equity-group-penta-for-the-first-time-at-national-career-days\\\/\",\"name\":\"Private Equity Group Penta for the First Time at National Career Days &#8212; Penta Investments\",\"isPartOf\":{\"@id\":\"https:\\\/\\\/www.pentainvestments.com\\\/en\\\/#website\"},\"datePublished\":\"2007-03-07T14:01:00+00:00\",\"author\":{\"@id\":\"https:\\\/\\\/www.pentainvestments.com\\\/en\\\/#\\\/schema\\\/person\\\/2b5af56613b6f0b2968a1eb1570816e7\"},\"breadcrumb\":{\"@id\":\"https:\\\/\\\/www.pentainvestments.com\\\/en\\\/private-equity-group-penta-for-the-first-time-at-national-career-days\\\/#breadcrumb\"},\"inLanguage\":\"en-US\",\"potentialAction\":[{\"@type\":\"ReadAction\",\"target\":[\"https:\\\/\\\/www.pentainvestments.com\\\/en\\\/private-equity-group-penta-for-the-first-time-at-national-career-days\\\/\"]}]},{\"@type\":\"BreadcrumbList\",\"@id\":\"https:\\\/\\\/www.pentainvestments.com\\\/en\\\/private-equity-group-penta-for-the-first-time-at-national-career-days\\\/#breadcrumb\",\"itemListElement\":[{\"@type\":\"ListItem\",\"position\":1,\"name\":\"\",\"item\":\"https:\\\/\\\/www.pentainvestments.com\\\/en\\\/\"},{\"@type\":\"ListItem\",\"position\":2,\"name\":\"Private Equity Group Penta for the First Time at National Career Days\"}]},{\"@type\":\"WebSite\",\"@id\":\"https:\\\/\\\/www.pentainvestments.com\\\/en\\\/#website\",\"url\":\"https:\\\/\\\/www.pentainvestments.com\\\/en\\\/\",\"name\":\"Penta Investments\",\"description\":\"\",\"potentialAction\":[{\"@type\":\"SearchAction\",\"target\":{\"@type\":\"EntryPoint\",\"urlTemplate\":\"https:\\\/\\\/www.pentainvestments.com\\\/en\\\/?s={search_term_string}\"},\"query-input\":{\"@type\":\"PropertyValueSpecification\",\"valueRequired\":true,\"valueName\":\"search_term_string\"}}],\"inLanguage\":\"en-US\"},{\"@type\":\"Person\",\"@id\":\"https:\\\/\\\/www.pentainvestments.com\\\/en\\\/#\\\/schema\\\/person\\\/2b5af56613b6f0b2968a1eb1570816e7\",\"name\":\"Peter Blasbalg\"}]}<\/script>\n<!-- \/ Yoast SEO plugin. -->","yoast_head_json":{"title":"Private Equity Group Penta for the First Time at National Career Days &#8212; Penta Investments","robots":{"index":"index","follow":"follow","max-snippet":"max-snippet:-1","max-image-preview":"max-image-preview:large","max-video-preview":"max-video-preview:-1"},"canonical":"https:\/\/www.pentainvestments.com\/en\/private-equity-group-penta-for-the-first-time-at-national-career-days\/","og_locale":"en_US","og_type":"article","og_title":"Private Equity Group Penta for the First Time at National Career Days &#8212; Penta Investments","og_description":"For the first time the private equity group Penta will participate at the National Career Days (N\u00e1rodn\u00e9 Dni Kari\u00e9ry) that will be held in B0 hall of the Bratislava exhibition center Incheba on 8 and 9 March 2007. \u201cWe have been cooperating with universities through the Penta Foundation for several years. The participation at the National Career Days is our further step aiming at approaching gifted and talented students. We mostly wish to address the students of the last years. I am convinced that we offer attractive and interesting jobs in a dynamically growing company\u201d, said the HR Manager of the company So\u0148a Lacu\u0161kov\u00e1 and added: \u201cIn our stand the students will be able to communicate directly with persons working on projects in order to bring the students closer to the work at Penta based on their own experience. Candidates will have an opportunity to learn more on Thursday 8 March at a presentation held from 3:25 p.m. to 3:45 p.m., or by a direct visit to our stand\u201d. What are the National Career Days? The twelfth year of the National Career Days, the biggest event of this kind, in Slovakia will be held this year. The National Career Days is an exhibition of companies creating conditions for meetings between the students and potential employers and exchange of information. Face-to-face meetings and individual discussions with representatives of exposing companies are available during the fair. 103 companies will participate at the National Career Days this year; this number represents a 45 % growth over the last year. Contact: Katar\u00edna Ku\u010d\u00e1kov\u00e1, tel.: 0903 721 568, kucakova.katarina@penta.sk","og_url":"https:\/\/www.pentainvestments.com\/en\/private-equity-group-penta-for-the-first-time-at-national-career-days\/","og_site_name":"Penta Investments","article_published_time":"2007-03-07T14:01:00+00:00","author":"Peter Blasbalg","twitter_card":"summary_large_image","twitter_misc":{"Written by":"Peter Blasbalg"},"schema":{"@context":"https:\/\/schema.org","@graph":[{"@type":"Article","@id":"https:\/\/www.pentainvestments.com\/en\/private-equity-group-penta-for-the-first-time-at-national-career-days\/#article","isPartOf":{"@id":"https:\/\/www.pentainvestments.com\/en\/private-equity-group-penta-for-the-first-time-at-national-career-days\/"},"author":{"name":"Peter Blasbalg","@id":"https:\/\/www.pentainvestments.com\/en\/#\/schema\/person\/2b5af56613b6f0b2968a1eb1570816e7"},"headline":"Private Equity Group Penta for the First Time at National Career Days","datePublished":"2007-03-07T14:01:00+00:00","mainEntityOfPage":{"@id":"https:\/\/www.pentainvestments.com\/en\/private-equity-group-penta-for-the-first-time-at-national-career-days\/"},"wordCount":12,"commentCount":0,"keywords":["Press releases"],"inLanguage":"en-US","potentialAction":[{"@type":"CommentAction","name":"Comment","target":["https:\/\/www.pentainvestments.com\/en\/private-equity-group-penta-for-the-first-time-at-national-career-days\/#respond"]}]},{"@type":"WebPage","@id":"https:\/\/www.pentainvestments.com\/en\/private-equity-group-penta-for-the-first-time-at-national-career-days\/","url":"https:\/\/www.pentainvestments.com\/en\/private-equity-group-penta-for-the-first-time-at-national-career-days\/","name":"Private Equity Group Penta for the First Time at National Career Days &#8212; Penta Investments","isPartOf":{"@id":"https:\/\/www.pentainvestments.com\/en\/#website"},"datePublished":"2007-03-07T14:01:00+00:00","author":{"@id":"https:\/\/www.pentainvestments.com\/en\/#\/schema\/person\/2b5af56613b6f0b2968a1eb1570816e7"},"breadcrumb":{"@id":"https:\/\/www.pentainvestments.com\/en\/private-equity-group-penta-for-the-first-time-at-national-career-days\/#breadcrumb"},"inLanguage":"en-US","potentialAction":[{"@type":"ReadAction","target":["https:\/\/www.pentainvestments.com\/en\/private-equity-group-penta-for-the-first-time-at-national-career-days\/"]}]},{"@type":"BreadcrumbList","@id":"https:\/\/www.pentainvestments.com\/en\/private-equity-group-penta-for-the-first-time-at-national-career-days\/#breadcrumb","itemListElement":[{"@type":"ListItem","position":1,"name":"","item":"https:\/\/www.pentainvestments.com\/en\/"},{"@type":"ListItem","position":2,"name":"Private Equity Group Penta for the First Time at National Career Days"}]},{"@type":"WebSite","@id":"https:\/\/www.pentainvestments.com\/en\/#website","url":"https:\/\/www.pentainvestments.com\/en\/","name":"Penta Investments","description":"","potentialAction":[{"@type":"SearchAction","target":{"@type":"EntryPoint","urlTemplate":"https:\/\/www.pentainvestments.com\/en\/?s={search_term_string}"},"query-input":{"@type":"PropertyValueSpecification","valueRequired":true,"valueName":"search_term_string"}}],"inLanguage":"en-US"},{"@type":"Person","@id":"https:\/\/www.pentainvestments.com\/en\/#\/schema\/person\/2b5af56613b6f0b2968a1eb1570816e7","name":"Peter Blasbalg"}]}},"_links":{"self":[{"href":"https:\/\/www.pentainvestments.com\/en\/wp-json\/wp\/v2\/posts\/4894","targetHints":{"allow":["GET"]}}],"collection":[{"href":"https:\/\/www.pentainvestments.com\/en\/wp-json\/wp\/v2\/posts"}],"about":[{"href":"https:\/\/www.pentainvestments.com\/en\/wp-json\/wp\/v2\/types\/post"}],"author":[{"embeddable":true,"href":"https:\/\/www.pentainvestments.com\/en\/wp-json\/wp\/v2\/users\/4"}],"replies":[{"embeddable":true,"href":"https:\/\/www.pentainvestments.com\/en\/wp-json\/wp\/v2\/comments?post=4894"}],"version-history":[{"count":0,"href":"https:\/\/www.pentainvestments.com\/en\/wp-json\/wp\/v2\/posts\/4894\/revisions"}],"wp:attachment":[{"href":"https:\/\/www.pentainvestments.com\/en\/wp-json\/wp\/v2\/media?parent=4894"}],"wp:term":[{"taxonomy":"category","embeddable":true,"href":"https:\/\/www.pentainvestments.com\/en\/wp-json\/wp\/v2\/categories?post=4894"},{"taxonomy":"post_tag","embeddable":true,"href":"https:\/\/www.pentainvestments.com\/en\/wp-json\/wp\/v2\/tags?post=4894"}],"curies":[{"name":"wp","href":"https:\/\/api.w.org\/{rel}","templated":true}]}}