{"id":5527,"date":"2025-11-04T10:53:31","date_gmt":"2025-11-04T09:53:31","guid":{"rendered":"https:\/\/www.pentainvestments.com\/?p=5527"},"modified":"2026-01-13T12:09:16","modified_gmt":"2026-01-13T11:09:16","slug":"novym-generalnim-reditelem-a-predsedou-predstavenstva-privatbanky-se-stal-petr-rehak","status":"publish","type":"post","link":"https:\/\/www.pentainvestments.com\/cs\/novym-generalnim-reditelem-a-predsedou-predstavenstva-privatbanky-se-stal-petr-rehak\/","title":{"rendered":"Nov\u00fdm gener\u00e1ln\u00edm \u0159editelem a p\u0159edsedou p\u0159edstavenstva Privatbanky se stal Petr \u0158eh\u00e1k"},"content":{"rendered":"","protected":false},"excerpt":{"rendered":"<p>Privatbanka, a.s., \u010dlen skupiny Penta Investments, jmenovala Petra \u0158eh\u00e1ka do funkce gener\u00e1ln\u00edho \u0159editele a p\u0159edsedy p\u0159edstavenstva. Na t\u00e9to pozici nahrazuje \u013dubo\u0161e \u0160ev\u010d\u00edka, kter\u00fd po 18 letech z banky odch\u00e1z\u00ed.<\/p>\n","protected":false},"author":4,"featured_media":5528,"comment_status":"closed","ping_status":"closed","sticky":false,"template":"","format":"standard","meta":{"_acf_changed":false,"inline_featured_image":false,"footnotes":""},"categories":[58,33],"tags":[61],"class_list":["post-5527","post","type-post","status-publish","format-standard","has-post-thumbnail","hentry","category-cs-cs","category-sk","tag-tiskove-zpravy"],"acf":[],"yoast_head":"<!-- This site is optimized with the Yoast SEO plugin v27.5 - https:\/\/yoast.com\/product\/yoast-seo-wordpress\/ -->\n<title>Nov\u00fdm gener\u00e1ln\u00edm \u0159editelem a p\u0159edsedou p\u0159edstavenstva Privatbanky se stal Petr \u0158eh\u00e1k &#8212; Penta Investments<\/title>\n<meta name=\"description\" content=\"Privatbanka, a.s., \u010dlen skupiny Penta Investments, jmenovala Petra \u0158eh\u00e1ka do funkce gener\u00e1ln\u00edho \u0159editele a p\u0159edsedy p\u0159edstavenstva. Na t\u00e9to pozici nahrazuje \u013dubo\u0161e \u0160ev\u010d\u00edka, kter\u00fd po 18 letech z banky odch\u00e1z\u00ed.\" \/>\n<meta name=\"robots\" content=\"index, follow, max-snippet:-1, max-image-preview:large, max-video-preview:-1\" \/>\n<link rel=\"canonical\" href=\"https:\/\/www.pentainvestments.com\/cs\/novym-generalnim-reditelem-a-predsedou-predstavenstva-privatbanky-se-stal-petr-rehak\/\" \/>\n<meta property=\"og:locale\" content=\"cs_CZ\" \/>\n<meta property=\"og:type\" content=\"article\" \/>\n<meta property=\"og:title\" content=\"Nov\u00fdm gener\u00e1ln\u00edm \u0159editelem a p\u0159edsedou p\u0159edstavenstva Privatbanky se stal Petr \u0158eh\u00e1k &#8212; Penta Investments\" \/>\n<meta property=\"og:description\" content=\"Privatbanka, a.s., \u010dlen skupiny Penta Investments, jmenovala Petra \u0158eh\u00e1ka do funkce gener\u00e1ln\u00edho \u0159editele a p\u0159edsedy p\u0159edstavenstva. Na t\u00e9to pozici nahrazuje \u013dubo\u0161e \u0160ev\u010d\u00edka, kter\u00fd po 18 letech z banky odch\u00e1z\u00ed.\" \/>\n<meta property=\"og:url\" content=\"https:\/\/www.pentainvestments.com\/cs\/novym-generalnim-reditelem-a-predsedou-predstavenstva-privatbanky-se-stal-petr-rehak\/\" \/>\n<meta property=\"og:site_name\" content=\"Penta Investments\" \/>\n<meta property=\"article:published_time\" content=\"2025-11-04T09:53:31+00:00\" \/>\n<meta property=\"article:modified_time\" content=\"2026-01-13T11:09:16+00:00\" \/>\n<meta property=\"og:image\" content=\"https:\/\/www.pentainvestments.com\/wp-content\/uploads\/2025\/11\/DJI_0512-1-1-scaled.jpg\" \/>\n\t<meta property=\"og:image:width\" content=\"2560\" \/>\n\t<meta property=\"og:image:height\" content=\"1963\" \/>\n\t<meta property=\"og:image:type\" content=\"image\/jpeg\" \/>\n<meta name=\"author\" content=\"Peter Blasbalg\" \/>\n<meta name=\"twitter:card\" content=\"summary_large_image\" \/>\n<meta name=\"twitter:label1\" content=\"Napsal(a)\" \/>\n\t<meta name=\"twitter:data1\" content=\"Peter Blasbalg\" \/>\n\t<meta name=\"twitter:label2\" content=\"Odhadovan\u00e1 doba \u010dten\u00ed\" \/>\n\t<meta name=\"twitter:data2\" content=\"1 minuta\" \/>\n<script type=\"application\/ld+json\" class=\"yoast-schema-graph\">{\"@context\":\"https:\\\/\\\/schema.org\",\"@graph\":[{\"@type\":\"Article\",\"@id\":\"https:\\\/\\\/www.pentainvestments.com\\\/cs\\\/novym-generalnim-reditelem-a-predsedou-predstavenstva-privatbanky-se-stal-petr-rehak\\\/#article\",\"isPartOf\":{\"@id\":\"https:\\\/\\\/www.pentainvestments.com\\\/cs\\\/novym-generalnim-reditelem-a-predsedou-predstavenstva-privatbanky-se-stal-petr-rehak\\\/\"},\"author\":{\"name\":\"Peter Blasbalg\",\"@id\":\"https:\\\/\\\/www.pentainvestments.com\\\/en\\\/#\\\/schema\\\/person\\\/2b5af56613b6f0b2968a1eb1570816e7\"},\"headline\":\"Nov\u00fdm gener\u00e1ln\u00edm \u0159editelem a p\u0159edsedou p\u0159edstavenstva Privatbanky se stal Petr \u0158eh\u00e1k\",\"datePublished\":\"2025-11-04T09:53:31+00:00\",\"dateModified\":\"2026-01-13T11:09:16+00:00\",\"mainEntityOfPage\":{\"@id\":\"https:\\\/\\\/www.pentainvestments.com\\\/cs\\\/novym-generalnim-reditelem-a-predsedou-predstavenstva-privatbanky-se-stal-petr-rehak\\\/\"},\"wordCount\":17,\"image\":{\"@id\":\"https:\\\/\\\/www.pentainvestments.com\\\/cs\\\/novym-generalnim-reditelem-a-predsedou-predstavenstva-privatbanky-se-stal-petr-rehak\\\/#primaryimage\"},\"thumbnailUrl\":\"https:\\\/\\\/www.pentainvestments.com\\\/wp-content\\\/uploads\\\/2025\\\/11\\\/DJI_0512-1-1-scaled.jpg\",\"keywords\":[\"Tiskov\u00e9 zpr\u00e1vy\"],\"articleSection\":[\"\u010cesk\u00e1 republika\",\"Slovensk\u00e1 republika\"],\"inLanguage\":\"cs\"},{\"@type\":\"WebPage\",\"@id\":\"https:\\\/\\\/www.pentainvestments.com\\\/cs\\\/novym-generalnim-reditelem-a-predsedou-predstavenstva-privatbanky-se-stal-petr-rehak\\\/\",\"url\":\"https:\\\/\\\/www.pentainvestments.com\\\/cs\\\/novym-generalnim-reditelem-a-predsedou-predstavenstva-privatbanky-se-stal-petr-rehak\\\/\",\"name\":\"Nov\u00fdm gener\u00e1ln\u00edm \u0159editelem a p\u0159edsedou p\u0159edstavenstva Privatbanky se stal Petr \u0158eh\u00e1k &#8212; Penta Investments\",\"isPartOf\":{\"@id\":\"https:\\\/\\\/www.pentainvestments.com\\\/en\\\/#website\"},\"primaryImageOfPage\":{\"@id\":\"https:\\\/\\\/www.pentainvestments.com\\\/cs\\\/novym-generalnim-reditelem-a-predsedou-predstavenstva-privatbanky-se-stal-petr-rehak\\\/#primaryimage\"},\"image\":{\"@id\":\"https:\\\/\\\/www.pentainvestments.com\\\/cs\\\/novym-generalnim-reditelem-a-predsedou-predstavenstva-privatbanky-se-stal-petr-rehak\\\/#primaryimage\"},\"thumbnailUrl\":\"https:\\\/\\\/www.pentainvestments.com\\\/wp-content\\\/uploads\\\/2025\\\/11\\\/DJI_0512-1-1-scaled.jpg\",\"datePublished\":\"2025-11-04T09:53:31+00:00\",\"dateModified\":\"2026-01-13T11:09:16+00:00\",\"author\":{\"@id\":\"https:\\\/\\\/www.pentainvestments.com\\\/en\\\/#\\\/schema\\\/person\\\/2b5af56613b6f0b2968a1eb1570816e7\"},\"description\":\"Privatbanka, a.s., \u010dlen skupiny Penta Investments, jmenovala Petra \u0158eh\u00e1ka do funkce gener\u00e1ln\u00edho \u0159editele a p\u0159edsedy p\u0159edstavenstva. Na t\u00e9to pozici nahrazuje \u013dubo\u0161e \u0160ev\u010d\u00edka, kter\u00fd po 18 letech z banky odch\u00e1z\u00ed.\",\"breadcrumb\":{\"@id\":\"https:\\\/\\\/www.pentainvestments.com\\\/cs\\\/novym-generalnim-reditelem-a-predsedou-predstavenstva-privatbanky-se-stal-petr-rehak\\\/#breadcrumb\"},\"inLanguage\":\"cs\",\"potentialAction\":[{\"@type\":\"ReadAction\",\"target\":[\"https:\\\/\\\/www.pentainvestments.com\\\/cs\\\/novym-generalnim-reditelem-a-predsedou-predstavenstva-privatbanky-se-stal-petr-rehak\\\/\"]}]},{\"@type\":\"ImageObject\",\"inLanguage\":\"cs\",\"@id\":\"https:\\\/\\\/www.pentainvestments.com\\\/cs\\\/novym-generalnim-reditelem-a-predsedou-predstavenstva-privatbanky-se-stal-petr-rehak\\\/#primaryimage\",\"url\":\"https:\\\/\\\/www.pentainvestments.com\\\/wp-content\\\/uploads\\\/2025\\\/11\\\/DJI_0512-1-1-scaled.jpg\",\"contentUrl\":\"https:\\\/\\\/www.pentainvestments.com\\\/wp-content\\\/uploads\\\/2025\\\/11\\\/DJI_0512-1-1-scaled.jpg\",\"width\":2560,\"height\":1963},{\"@type\":\"BreadcrumbList\",\"@id\":\"https:\\\/\\\/www.pentainvestments.com\\\/cs\\\/novym-generalnim-reditelem-a-predsedou-predstavenstva-privatbanky-se-stal-petr-rehak\\\/#breadcrumb\",\"itemListElement\":[{\"@type\":\"ListItem\",\"position\":1,\"name\":\"\",\"item\":\"https:\\\/\\\/www.pentainvestments.com\\\/cs\\\/\"},{\"@type\":\"ListItem\",\"position\":2,\"name\":\"Nov\u00fdm gener\u00e1ln\u00edm \u0159editelem a p\u0159edsedou p\u0159edstavenstva Privatbanky se stal Petr \u0158eh\u00e1k\"}]},{\"@type\":\"WebSite\",\"@id\":\"https:\\\/\\\/www.pentainvestments.com\\\/en\\\/#website\",\"url\":\"https:\\\/\\\/www.pentainvestments.com\\\/en\\\/\",\"name\":\"Penta Investments\",\"description\":\"\",\"potentialAction\":[{\"@type\":\"SearchAction\",\"target\":{\"@type\":\"EntryPoint\",\"urlTemplate\":\"https:\\\/\\\/www.pentainvestments.com\\\/en\\\/?s={search_term_string}\"},\"query-input\":{\"@type\":\"PropertyValueSpecification\",\"valueRequired\":true,\"valueName\":\"search_term_string\"}}],\"inLanguage\":\"cs\"},{\"@type\":\"Person\",\"@id\":\"https:\\\/\\\/www.pentainvestments.com\\\/en\\\/#\\\/schema\\\/person\\\/2b5af56613b6f0b2968a1eb1570816e7\",\"name\":\"Peter Blasbalg\"}]}<\/script>\n<!-- \/ Yoast SEO plugin. -->","yoast_head_json":{"title":"Nov\u00fdm gener\u00e1ln\u00edm \u0159editelem a p\u0159edsedou p\u0159edstavenstva Privatbanky se stal Petr \u0158eh\u00e1k &#8212; Penta Investments","description":"Privatbanka, a.s., \u010dlen skupiny Penta Investments, jmenovala Petra \u0158eh\u00e1ka do funkce gener\u00e1ln\u00edho \u0159editele a p\u0159edsedy p\u0159edstavenstva. Na t\u00e9to pozici nahrazuje \u013dubo\u0161e \u0160ev\u010d\u00edka, kter\u00fd po 18 letech z banky odch\u00e1z\u00ed.","robots":{"index":"index","follow":"follow","max-snippet":"max-snippet:-1","max-image-preview":"max-image-preview:large","max-video-preview":"max-video-preview:-1"},"canonical":"https:\/\/www.pentainvestments.com\/cs\/novym-generalnim-reditelem-a-predsedou-predstavenstva-privatbanky-se-stal-petr-rehak\/","og_locale":"cs_CZ","og_type":"article","og_title":"Nov\u00fdm gener\u00e1ln\u00edm \u0159editelem a p\u0159edsedou p\u0159edstavenstva Privatbanky se stal Petr \u0158eh\u00e1k &#8212; Penta Investments","og_description":"Privatbanka, a.s., \u010dlen skupiny Penta Investments, jmenovala Petra \u0158eh\u00e1ka do funkce gener\u00e1ln\u00edho \u0159editele a p\u0159edsedy p\u0159edstavenstva. Na t\u00e9to pozici nahrazuje \u013dubo\u0161e \u0160ev\u010d\u00edka, kter\u00fd po 18 letech z banky odch\u00e1z\u00ed.","og_url":"https:\/\/www.pentainvestments.com\/cs\/novym-generalnim-reditelem-a-predsedou-predstavenstva-privatbanky-se-stal-petr-rehak\/","og_site_name":"Penta Investments","article_published_time":"2025-11-04T09:53:31+00:00","article_modified_time":"2026-01-13T11:09:16+00:00","og_image":[{"width":2560,"height":1963,"url":"https:\/\/www.pentainvestments.com\/wp-content\/uploads\/2025\/11\/DJI_0512-1-1-scaled.jpg","type":"image\/jpeg"}],"author":"Peter Blasbalg","twitter_card":"summary_large_image","twitter_misc":{"Napsal(a)":"Peter Blasbalg","Odhadovan\u00e1 doba \u010dten\u00ed":"1 minuta"},"schema":{"@context":"https:\/\/schema.org","@graph":[{"@type":"Article","@id":"https:\/\/www.pentainvestments.com\/cs\/novym-generalnim-reditelem-a-predsedou-predstavenstva-privatbanky-se-stal-petr-rehak\/#article","isPartOf":{"@id":"https:\/\/www.pentainvestments.com\/cs\/novym-generalnim-reditelem-a-predsedou-predstavenstva-privatbanky-se-stal-petr-rehak\/"},"author":{"name":"Peter Blasbalg","@id":"https:\/\/www.pentainvestments.com\/en\/#\/schema\/person\/2b5af56613b6f0b2968a1eb1570816e7"},"headline":"Nov\u00fdm gener\u00e1ln\u00edm \u0159editelem a p\u0159edsedou p\u0159edstavenstva Privatbanky se stal Petr \u0158eh\u00e1k","datePublished":"2025-11-04T09:53:31+00:00","dateModified":"2026-01-13T11:09:16+00:00","mainEntityOfPage":{"@id":"https:\/\/www.pentainvestments.com\/cs\/novym-generalnim-reditelem-a-predsedou-predstavenstva-privatbanky-se-stal-petr-rehak\/"},"wordCount":17,"image":{"@id":"https:\/\/www.pentainvestments.com\/cs\/novym-generalnim-reditelem-a-predsedou-predstavenstva-privatbanky-se-stal-petr-rehak\/#primaryimage"},"thumbnailUrl":"https:\/\/www.pentainvestments.com\/wp-content\/uploads\/2025\/11\/DJI_0512-1-1-scaled.jpg","keywords":["Tiskov\u00e9 zpr\u00e1vy"],"articleSection":["\u010cesk\u00e1 republika","Slovensk\u00e1 republika"],"inLanguage":"cs"},{"@type":"WebPage","@id":"https:\/\/www.pentainvestments.com\/cs\/novym-generalnim-reditelem-a-predsedou-predstavenstva-privatbanky-se-stal-petr-rehak\/","url":"https:\/\/www.pentainvestments.com\/cs\/novym-generalnim-reditelem-a-predsedou-predstavenstva-privatbanky-se-stal-petr-rehak\/","name":"Nov\u00fdm gener\u00e1ln\u00edm \u0159editelem a p\u0159edsedou p\u0159edstavenstva Privatbanky se stal Petr \u0158eh\u00e1k &#8212; Penta Investments","isPartOf":{"@id":"https:\/\/www.pentainvestments.com\/en\/#website"},"primaryImageOfPage":{"@id":"https:\/\/www.pentainvestments.com\/cs\/novym-generalnim-reditelem-a-predsedou-predstavenstva-privatbanky-se-stal-petr-rehak\/#primaryimage"},"image":{"@id":"https:\/\/www.pentainvestments.com\/cs\/novym-generalnim-reditelem-a-predsedou-predstavenstva-privatbanky-se-stal-petr-rehak\/#primaryimage"},"thumbnailUrl":"https:\/\/www.pentainvestments.com\/wp-content\/uploads\/2025\/11\/DJI_0512-1-1-scaled.jpg","datePublished":"2025-11-04T09:53:31+00:00","dateModified":"2026-01-13T11:09:16+00:00","author":{"@id":"https:\/\/www.pentainvestments.com\/en\/#\/schema\/person\/2b5af56613b6f0b2968a1eb1570816e7"},"description":"Privatbanka, a.s., \u010dlen skupiny Penta Investments, jmenovala Petra \u0158eh\u00e1ka do funkce gener\u00e1ln\u00edho \u0159editele a p\u0159edsedy p\u0159edstavenstva. Na t\u00e9to pozici nahrazuje \u013dubo\u0161e \u0160ev\u010d\u00edka, kter\u00fd po 18 letech z banky odch\u00e1z\u00ed.","breadcrumb":{"@id":"https:\/\/www.pentainvestments.com\/cs\/novym-generalnim-reditelem-a-predsedou-predstavenstva-privatbanky-se-stal-petr-rehak\/#breadcrumb"},"inLanguage":"cs","potentialAction":[{"@type":"ReadAction","target":["https:\/\/www.pentainvestments.com\/cs\/novym-generalnim-reditelem-a-predsedou-predstavenstva-privatbanky-se-stal-petr-rehak\/"]}]},{"@type":"ImageObject","inLanguage":"cs","@id":"https:\/\/www.pentainvestments.com\/cs\/novym-generalnim-reditelem-a-predsedou-predstavenstva-privatbanky-se-stal-petr-rehak\/#primaryimage","url":"https:\/\/www.pentainvestments.com\/wp-content\/uploads\/2025\/11\/DJI_0512-1-1-scaled.jpg","contentUrl":"https:\/\/www.pentainvestments.com\/wp-content\/uploads\/2025\/11\/DJI_0512-1-1-scaled.jpg","width":2560,"height":1963},{"@type":"BreadcrumbList","@id":"https:\/\/www.pentainvestments.com\/cs\/novym-generalnim-reditelem-a-predsedou-predstavenstva-privatbanky-se-stal-petr-rehak\/#breadcrumb","itemListElement":[{"@type":"ListItem","position":1,"name":"","item":"https:\/\/www.pentainvestments.com\/cs\/"},{"@type":"ListItem","position":2,"name":"Nov\u00fdm gener\u00e1ln\u00edm \u0159editelem a p\u0159edsedou p\u0159edstavenstva Privatbanky se stal Petr \u0158eh\u00e1k"}]},{"@type":"WebSite","@id":"https:\/\/www.pentainvestments.com\/en\/#website","url":"https:\/\/www.pentainvestments.com\/en\/","name":"Penta Investments","description":"","potentialAction":[{"@type":"SearchAction","target":{"@type":"EntryPoint","urlTemplate":"https:\/\/www.pentainvestments.com\/en\/?s={search_term_string}"},"query-input":{"@type":"PropertyValueSpecification","valueRequired":true,"valueName":"search_term_string"}}],"inLanguage":"cs"},{"@type":"Person","@id":"https:\/\/www.pentainvestments.com\/en\/#\/schema\/person\/2b5af56613b6f0b2968a1eb1570816e7","name":"Peter Blasbalg"}]}},"_links":{"self":[{"href":"https:\/\/www.pentainvestments.com\/cs\/wp-json\/wp\/v2\/posts\/5527","targetHints":{"allow":["GET"]}}],"collection":[{"href":"https:\/\/www.pentainvestments.com\/cs\/wp-json\/wp\/v2\/posts"}],"about":[{"href":"https:\/\/www.pentainvestments.com\/cs\/wp-json\/wp\/v2\/types\/post"}],"author":[{"embeddable":true,"href":"https:\/\/www.pentainvestments.com\/cs\/wp-json\/wp\/v2\/users\/4"}],"replies":[{"embeddable":true,"href":"https:\/\/www.pentainvestments.com\/cs\/wp-json\/wp\/v2\/comments?post=5527"}],"version-history":[{"count":2,"href":"https:\/\/www.pentainvestments.com\/cs\/wp-json\/wp\/v2\/posts\/5527\/revisions"}],"predecessor-version":[{"id":5530,"href":"https:\/\/www.pentainvestments.com\/cs\/wp-json\/wp\/v2\/posts\/5527\/revisions\/5530"}],"wp:featuredmedia":[{"embeddable":true,"href":"https:\/\/www.pentainvestments.com\/cs\/wp-json\/wp\/v2\/media\/5528"}],"wp:attachment":[{"href":"https:\/\/www.pentainvestments.com\/cs\/wp-json\/wp\/v2\/media?parent=5527"}],"wp:term":[{"taxonomy":"category","embeddable":true,"href":"https:\/\/www.pentainvestments.com\/cs\/wp-json\/wp\/v2\/categories?post=5527"},{"taxonomy":"post_tag","embeddable":true,"href":"https:\/\/www.pentainvestments.com\/cs\/wp-json\/wp\/v2\/tags?post=5527"}],"curies":[{"name":"wp","href":"https:\/\/api.w.org\/{rel}","templated":true}]}}